{"id":1719,"date":"2026-03-16T11:51:13","date_gmt":"2026-03-16T11:51:13","guid":{"rendered":"https:\/\/www.riabilitazioneamputati.it\/blog-riabilitazione\/?p=1719"},"modified":"2026-03-23T11:31:55","modified_gmt":"2026-03-23T11:31:55","slug":"training-del-passo-cose-e-come-migliora-equilibrio-simmetria-e-autonomia-nella-camminata-con-protesi","status":"publish","type":"post","link":"https:\/\/www.riabilitazioneamputati.it\/blog-riabilitazione\/training-del-passo-cose-e-come-migliora-equilibrio-simmetria-e-autonomia-nella-camminata-con-protesi\/","title":{"rendered":"Training del passo: cos\u2019\u00e8 e come migliora equilibrio, simmetria e autonomia nella camminata con protesi"},"content":{"rendered":"\n<p>Dal momento in cui al <strong>paziente<\/strong> <strong>amputato<\/strong> di arto inferiore viene consegnata la protesi, tra gli obiettivi di primaria importanza vi \u00e8 quello di <strong>recuperare<\/strong> la propria <strong>autonomia<\/strong> e indipendenza. Ovviamente, per farlo \u00e8 necessario reimparare a deambulare.<\/p>\n\n\n\n<p>\u00c8 come quando un <strong>bambino<\/strong> raggiunge l\u2019et\u00e0 in cui inizia a camminare: comincia piano piano ad alzarsi e a muovere i primi passi, magari cadendo e riprovandoci. Questa fase \u00e8 la stessa che inizia quando al paziente viene <strong>consegnata la protesi<\/strong>. Da quel momento, il <strong>paziente<\/strong>, che vuole riprendere in mano la propria vita e soprattutto imparare nuovamente a camminare, si affida a professionisti come quelli del nostro Istituto di riabilitazione per persone amputate, <strong>Rehabile<\/strong>, e inizia quello che viene anche conosciuto come <strong>training del passo<\/strong>.<\/p>\n\n\n\n<p>Sicuramente gi\u00e0 il nome potrebbe far intuire di cosa si tratta, ma considerando che non sono mai troppe o sufficienti le informazioni in merito a questi temi, abbiamo deciso di parlarne in questo articolo.<\/p>\n\n\n\n<p>Nello specifico parleremo di che <strong>cos\u2019\u00e8 il training del passo<\/strong>, di <strong>come il training del passo migliora l\u2019equilibrio del movimento<\/strong> e, infine, di <strong>come<\/strong> questa fase della riabilitazione con protesi abbia un <strong>impatto sull\u2019autonomia e sulla qualit\u00e0 della vita<\/strong> della persona amputata.<\/p>\n\n\n\n<h2 class=\"wp-block-heading\"><strong>Cos\u2019\u00e8 il training del passo e perch\u00e9 \u00e8 fondamentale nella riabilitazione con protesi?<\/strong><\/h2>\n\n\n\n<figure class=\"wp-block-image size-full\"><img loading=\"lazy\" decoding=\"async\" width=\"1000\" height=\"667\" src=\"https:\/\/www.riabilitazioneamputati.it\/blog-riabilitazione\/wp-content\/uploads\/2026\/03\/Depositphotos_650760362_S.jpg\" alt=\"Cos\u2019\u00e8 il training del passo e perch\u00e9 \u00e8 fondamentale nella riabilitazione con protesi?\" class=\"wp-image-1723\" srcset=\"https:\/\/www.riabilitazioneamputati.it\/blog-riabilitazione\/wp-content\/uploads\/2026\/03\/Depositphotos_650760362_S.jpg 1000w, https:\/\/www.riabilitazioneamputati.it\/blog-riabilitazione\/wp-content\/uploads\/2026\/03\/Depositphotos_650760362_S-300x200.jpg 300w, https:\/\/www.riabilitazioneamputati.it\/blog-riabilitazione\/wp-content\/uploads\/2026\/03\/Depositphotos_650760362_S-768x512.jpg 768w, https:\/\/www.riabilitazioneamputati.it\/blog-riabilitazione\/wp-content\/uploads\/2026\/03\/Depositphotos_650760362_S-600x400.jpg 600w\" sizes=\"auto, (max-width: 1000px) 100vw, 1000px\" \/><\/figure>\n\n\n\n<p>Quando la <strong>persona amputata<\/strong> inizia a indossare la <strong>protesi<\/strong>, oltre a ricevere indicazioni specifiche e molto importanti, come ad esempio il modo corretto di indossare e toglierla, \u00e8 necessario inserirla in un <strong>percorso riabilitativo<\/strong>. Questo percorso \u00e8 fondamentale affinch\u00e9 il paziente impari a prendere confidenza con la protesi e, soprattutto, a sfruttarne al meglio il potenziale.<\/p>\n\n\n\n<p>Infatti, le protesi non hanno solo un obiettivo estetico: possono essere personalizzate e, in ogni caso, permettono di sostituire l\u2019arto mancante restituendo un\u2019armonia corporea, che spesso il <strong>paziente amputato<\/strong> ricerca. Questo avviene soprattutto nei casi di amputazioni al livello dell\u2019anca o sopra il ginocchio, in cui la porzione di arto amputata \u00e8 pi\u00f9 alta.<\/p>\n\n\n\n<p>Tornando al<strong> training del passo<\/strong>, questa fase del percorso riabilitativo consente alla persona amputata di iniziare a utilizzare la <strong>protesi<\/strong> e recuperare uno schema del cammino che, con il tempo, possa diventare il pi\u00f9 naturale possibile.<\/p>\n\n\n\n<p>Dopo l\u2019amputazione, infatti, il corpo deve imparare nuovamente a <strong>distribuire<\/strong> il <strong>peso<\/strong>, <strong>coordinare i movimenti <\/strong>e mantenere la stabilit\u00e0 durante la <strong>deambulazione<\/strong>. Il training del passo combina<strong> esercizi di equilibrio<\/strong>,<strong> controllo posturale e coordinazione<\/strong>, guidati da fisioterapisti e supportati da tecnologie o ausili riabilitativi.<\/p>\n\n\n\n<p>L\u2019obiettivo non \u00e8 solo \u201cimparare a camminare\u201d, ma sviluppare una camminata efficiente e sicura nel tempo.<\/p>\n\n\n\n<h2 class=\"wp-block-heading\"><strong>Come il training del passo migliora equilibrio e simmetria del movimento<\/strong><\/h2>\n\n\n\n<p>Nello specifico, quindi, <strong>come pu\u00f2 la fase di training del passo migliorare l\u2019equilibrio e la simmetria del movimento?<\/strong><\/p>\n\n\n\n<p>Durante il percorso di riabilitazione \u00e8 comune osservare come molti pazienti tendano a compensare con il lato sano, creando<strong> asimmetrie nel passo<\/strong> e sovraccarichi articolari. Il <strong>training del passo <\/strong>prevede una serie di esercizi mirati a ristabilire una maggiore <strong>simmetria<\/strong> nella <strong>camminata <\/strong>e aumentare la<strong> fiducia nella propria protesi<\/strong>.<\/p>\n\n\n\n<p>Tutto questo permette di <strong>ridurre<\/strong> il <strong>rischio<\/strong> di <strong>cadute<\/strong> e favorisce uno schema motorio pi\u00f9 fluido e naturale. Vediamo di seguito alcuni degli esercizi che spesso vengono affrontati durante la <strong>fase di training del passo<\/strong>.<\/p>\n\n\n\n<p>Uno dei primi \u00e8 quello di <strong>equilibrio e spostamento del peso<\/strong>. In questo caso il primo obiettivo \u00e8 supportare il paziente nel prendere maggiore confidenza con la protesi, per poi accompagnarlo a eseguire piccoli movimenti in avanti e indietro, sia dal lato con la protesi sia dal lato controlaterale.<\/p>\n\n\n\n<p>Un altro esercizio ha come obiettivo il <strong>rafforzamento del busto <\/strong>e della <strong>gamba amputata<\/strong>, con lo scopo di raggiungere una postura equilibrata sia quando il paziente \u00e8 in piedi in posizione statica, sia quando \u00e8 in movimento e inizia quindi a deambulare.<\/p>\n\n\n\n<p>Durante il training del passo al paziente vengono inoltre mostrati esercizi che lo aiutano a <strong>padroneggiare movimenti <\/strong>apparentemente semplici, ma che, dopo un\u2019amputazione, \u00e8 necessario imparare nuovamente. Tra questi vi sono, ad esempio, <strong>sedersi<\/strong> e <strong>alzarsi<\/strong>, comprendendo bene come bilanciare il carico su entrambi i lati, ovvero sia sul lato della gamba amputata sia su quello con la gamba non amputata.<\/p>\n\n\n\n<h2 class=\"wp-block-heading\"><strong>L\u2019impatto del training del passo sull\u2019autonomia e sulla qualit\u00e0 della vita<\/strong><\/h2>\n\n\n\n<figure class=\"wp-block-image size-full\"><img loading=\"lazy\" decoding=\"async\" width=\"1000\" height=\"667\" src=\"https:\/\/www.riabilitazioneamputati.it\/blog-riabilitazione\/wp-content\/uploads\/2026\/03\/Depositphotos_656322450_S.jpg\" alt=\"L\u2019impatto del training del passo sull\u2019autonomia e sulla qualit\u00e0 della vita\" class=\"wp-image-1724\" srcset=\"https:\/\/www.riabilitazioneamputati.it\/blog-riabilitazione\/wp-content\/uploads\/2026\/03\/Depositphotos_656322450_S.jpg 1000w, https:\/\/www.riabilitazioneamputati.it\/blog-riabilitazione\/wp-content\/uploads\/2026\/03\/Depositphotos_656322450_S-300x200.jpg 300w, https:\/\/www.riabilitazioneamputati.it\/blog-riabilitazione\/wp-content\/uploads\/2026\/03\/Depositphotos_656322450_S-768x512.jpg 768w, https:\/\/www.riabilitazioneamputati.it\/blog-riabilitazione\/wp-content\/uploads\/2026\/03\/Depositphotos_656322450_S-600x400.jpg 600w\" sizes=\"auto, (max-width: 1000px) 100vw, 1000px\" \/><\/figure>\n\n\n\n<p>Molto probabilmente, tra le domande che una persona che ha subito un\u2019amputazione potrebbe porsi, c\u2019\u00e8 anche quella relativa all\u2019impatto che il <strong>training del passo<\/strong> pu\u00f2 avere sulla propria quotidianit\u00e0. In altre parole: migliora davvero la qualit\u00e0 della vita? <strong>Aiuta a raggiungere l\u2019autonomia necessaria per riprendere in mano la propria vita?<\/strong><\/p>\n\n\n\n<p>Sono tutte domande lecite. Ci\u00f2 che si pu\u00f2 dire \u00e8 che il <strong>training<\/strong> <strong>del passo<\/strong> consente di migliorare la qualit\u00e0 della camminata e, di conseguenza, di essere pi\u00f9 <strong>autonomi<\/strong> e sicuri nelle <strong>attivit\u00e0 della vita quotidiana<\/strong>.<\/p>\n\n\n\n<p>Tra queste attivit\u00e0 rientrano, ad esempio, muoversi in casa, affrontare <strong>superfici<\/strong> <strong>irregolari<\/strong> come quelle che si trovano spesso all\u2019esterno delle strutture chiuse e salire o scendere le scale.<\/p>\n\n\n\n<p>Ovviamente questo percorso di riabilitazione parte da piccoli traguardi, per poi arrivare gradualmente a quelli pi\u00f9 complessi, come appunto <strong>salire<\/strong> o <strong>scendere<\/strong> le scale o <strong>muoversi<\/strong> con maggiore <strong>velocit\u00e0<\/strong>.<\/p>\n\n\n\n<p>Questo dimostra come un training efficace aiuti la persona a sentirsi pi\u00f9 sicura nei movimenti e a ridurre la fatica durante la camminata. Tutto ci\u00f2 ha un impatto importante anche sul <strong>benessere psicologico<\/strong>, perch\u00e9 recuperare fiducia nel proprio corpo favorisce la partecipazione alla vita sociale e una maggiore indipendenza.<\/p>\n\n\n\n<p><\/p>\n","protected":false},"excerpt":{"rendered":"<p>Dal momento in cui al paziente amputato di arto inferiore viene consegnata la protesi, tra gli obiettivi di primaria importanza vi \u00e8 quello di recuperare la propria autonomia e indipendenza. Ovviamente, per farlo \u00e8 necessario reimparare a deambulare. \u00c8 come quando un bambino raggiunge l\u2019et\u00e0 in cui inizia a camminare: comincia piano piano ad alzarsi [&hellip;]<\/p>\n","protected":false},"author":3,"featured_media":1722,"comment_status":"closed","ping_status":"closed","sticky":false,"template":"","format":"standard","meta":{"_acf_changed":false,"slim_seo":{"title":"Training del passo: cos\u2019\u00e8 e come migliora equilibrio, simmetria e autonomia nella camminata con protesi","description":"Parleremo di che cos\u2019\u00e8 il training del passo, di come migliora l\u2019equilibrio del movimento e infine di come questa fase della riabilitazione abbia un impatto sulla qualit\u00e0 della vita"},"footnotes":""},"categories":[1],"tags":[],"class_list":["post-1719","post","type-post","status-publish","format-standard","has-post-thumbnail","hentry","category-blog"],"acf":[],"_links":{"self":[{"href":"https:\/\/www.riabilitazioneamputati.it\/blog-riabilitazione\/wp-json\/wp\/v2\/posts\/1719","targetHints":{"allow":["GET"]}}],"collection":[{"href":"https:\/\/www.riabilitazioneamputati.it\/blog-riabilitazione\/wp-json\/wp\/v2\/posts"}],"about":[{"href":"https:\/\/www.riabilitazioneamputati.it\/blog-riabilitazione\/wp-json\/wp\/v2\/types\/post"}],"author":[{"embeddable":true,"href":"https:\/\/www.riabilitazioneamputati.it\/blog-riabilitazione\/wp-json\/wp\/v2\/users\/3"}],"replies":[{"embeddable":true,"href":"https:\/\/www.riabilitazioneamputati.it\/blog-riabilitazione\/wp-json\/wp\/v2\/comments?post=1719"}],"version-history":[{"count":3,"href":"https:\/\/www.riabilitazioneamputati.it\/blog-riabilitazione\/wp-json\/wp\/v2\/posts\/1719\/revisions"}],"predecessor-version":[{"id":1736,"href":"https:\/\/www.riabilitazioneamputati.it\/blog-riabilitazione\/wp-json\/wp\/v2\/posts\/1719\/revisions\/1736"}],"wp:featuredmedia":[{"embeddable":true,"href":"https:\/\/www.riabilitazioneamputati.it\/blog-riabilitazione\/wp-json\/wp\/v2\/media\/1722"}],"wp:attachment":[{"href":"https:\/\/www.riabilitazioneamputati.it\/blog-riabilitazione\/wp-json\/wp\/v2\/media?parent=1719"}],"wp:term":[{"taxonomy":"category","embeddable":true,"href":"https:\/\/www.riabilitazioneamputati.it\/blog-riabilitazione\/wp-json\/wp\/v2\/categories?post=1719"},{"taxonomy":"post_tag","embeddable":true,"href":"https:\/\/www.riabilitazioneamputati.it\/blog-riabilitazione\/wp-json\/wp\/v2\/tags?post=1719"}],"curies":[{"name":"wp","href":"https:\/\/api.w.org\/{rel}","templated":true}]}}