{"id":1750,"date":"2026-04-28T13:59:18","date_gmt":"2026-04-28T13:59:18","guid":{"rendered":"https:\/\/www.riabilitazioneamputati.it\/blog-riabilitazione\/?p=1750"},"modified":"2026-04-28T13:59:56","modified_gmt":"2026-04-28T13:59:56","slug":"le-news-di-aprile-per-quanto-tempo-e-necessario-svolgere-la-riabilitazione","status":"publish","type":"post","link":"https:\/\/www.riabilitazioneamputati.it\/blog-riabilitazione\/le-news-di-aprile-per-quanto-tempo-e-necessario-svolgere-la-riabilitazione\/","title":{"rendered":"Le news di Aprile: per quanto tempo \u00e8 necessario svolgere la riabilitazione?"},"content":{"rendered":"\n<p>Per quanto tempo \u00e8 necessario svolgere la riabilitazione?<\/p>\n\n\n\n<p>Non esiste una risposta uguale per tutti. Il percorso riabilitativo \u00e8 profondamente personale e la sua durata dipende da diversi fattori fondamentali:<\/p>\n\n\n\n<ul class=\"wp-block-list\">\n<li>lo stato fisico del paziente;<\/li>\n\n\n\n<li>il coinvolgimento emotivo e psicologico della persona;<\/li>\n\n\n\n<li>l\u2019obiettivo che si desidera raggiungere con la riabilitazione;<\/li>\n\n\n\n<li>la qualit\u00e0 della protesi: quando \u00e8 ben realizzata, il recupero pu\u00f2 essere decisamente pi\u00f9 rapido.<\/li>\n<\/ul>\n\n\n\n<figure class=\"wp-block-image size-full\"><img loading=\"lazy\" decoding=\"async\" width=\"950\" height=\"540\" src=\"https:\/\/www.riabilitazioneamputati.it\/blog-riabilitazione\/wp-content\/uploads\/2026\/04\/cover-aggiornamenti-blog-rehabile-2.png\" alt=\"Riabilitazione post amputazione \" class=\"wp-image-1752\" srcset=\"https:\/\/www.riabilitazioneamputati.it\/blog-riabilitazione\/wp-content\/uploads\/2026\/04\/cover-aggiornamenti-blog-rehabile-2.png 950w, https:\/\/www.riabilitazioneamputati.it\/blog-riabilitazione\/wp-content\/uploads\/2026\/04\/cover-aggiornamenti-blog-rehabile-2-300x171.png 300w, https:\/\/www.riabilitazioneamputati.it\/blog-riabilitazione\/wp-content\/uploads\/2026\/04\/cover-aggiornamenti-blog-rehabile-2-768x437.png 768w, https:\/\/www.riabilitazioneamputati.it\/blog-riabilitazione\/wp-content\/uploads\/2026\/04\/cover-aggiornamenti-blog-rehabile-2-600x341.png 600w\" sizes=\"auto, (max-width: 950px) 100vw, 950px\" \/><\/figure>\n\n\n\n<p>Gi\u00e0 durante la prima visita \u00e8 spesso possibile individuare il percorso pi\u00f9 adatto e fornire una stima realistica dei tempi di recupero.<br><\/p>\n","protected":false},"excerpt":{"rendered":"<p>Per quanto tempo \u00e8 necessario svolgere la riabilitazione? Non esiste una risposta uguale per tutti. Il percorso riabilitativo \u00e8 profondamente personale e la sua durata dipende da diversi fattori fondamentali: Gi\u00e0 durante la prima visita \u00e8 spesso possibile individuare il percorso pi\u00f9 adatto e fornire una stima realistica dei tempi di recupero.<\/p>\n","protected":false},"author":3,"featured_media":1751,"comment_status":"closed","ping_status":"closed","sticky":true,"template":"","format":"standard","meta":{"_acf_changed":false,"slim_seo":{"title":"Le news di Aprile: per quanto tempo \u00e8 necessario svolgere la riabilitazione?","description":"Per quanto tempo \u00e8 necessario svolgere la riabilitazione? Non esiste una risposta uguale per tutti."},"footnotes":""},"categories":[1],"tags":[],"class_list":["post-1750","post","type-post","status-publish","format-standard","has-post-thumbnail","hentry","category-blog"],"acf":[],"_links":{"self":[{"href":"https:\/\/www.riabilitazioneamputati.it\/blog-riabilitazione\/wp-json\/wp\/v2\/posts\/1750","targetHints":{"allow":["GET"]}}],"collection":[{"href":"https:\/\/www.riabilitazioneamputati.it\/blog-riabilitazione\/wp-json\/wp\/v2\/posts"}],"about":[{"href":"https:\/\/www.riabilitazioneamputati.it\/blog-riabilitazione\/wp-json\/wp\/v2\/types\/post"}],"author":[{"embeddable":true,"href":"https:\/\/www.riabilitazioneamputati.it\/blog-riabilitazione\/wp-json\/wp\/v2\/users\/3"}],"replies":[{"embeddable":true,"href":"https:\/\/www.riabilitazioneamputati.it\/blog-riabilitazione\/wp-json\/wp\/v2\/comments?post=1750"}],"version-history":[{"count":2,"href":"https:\/\/www.riabilitazioneamputati.it\/blog-riabilitazione\/wp-json\/wp\/v2\/posts\/1750\/revisions"}],"predecessor-version":[{"id":1755,"href":"https:\/\/www.riabilitazioneamputati.it\/blog-riabilitazione\/wp-json\/wp\/v2\/posts\/1750\/revisions\/1755"}],"wp:featuredmedia":[{"embeddable":true,"href":"https:\/\/www.riabilitazioneamputati.it\/blog-riabilitazione\/wp-json\/wp\/v2\/media\/1751"}],"wp:attachment":[{"href":"https:\/\/www.riabilitazioneamputati.it\/blog-riabilitazione\/wp-json\/wp\/v2\/media?parent=1750"}],"wp:term":[{"taxonomy":"category","embeddable":true,"href":"https:\/\/www.riabilitazioneamputati.it\/blog-riabilitazione\/wp-json\/wp\/v2\/categories?post=1750"},{"taxonomy":"post_tag","embeddable":true,"href":"https:\/\/www.riabilitazioneamputati.it\/blog-riabilitazione\/wp-json\/wp\/v2\/tags?post=1750"}],"curies":[{"name":"wp","href":"https:\/\/api.w.org\/{rel}","templated":true}]}}